{"id":3345,"date":"2024-03-24T09:28:05","date_gmt":"2024-03-24T08:28:05","guid":{"rendered":"https:\/\/tsv-dobel.de\/wp\/?p=3345"},"modified":"2024-03-24T09:35:50","modified_gmt":"2024-03-24T08:35:50","slug":"hauptversammlung-tsv","status":"publish","type":"post","link":"https:\/\/tsv-dobel.de\/wp\/hauptversammlung-tsv\/","title":{"rendered":"Hauptversammlung TSV"},"content":{"rendered":"<p style=\"font-weight: 400;\"><a href=\"https:\/\/tsv-dobel.de\/wp\/wp-content\/uploads\/2024\/03\/IMG_4763.jpeg\" target=\"_blank\" rel=\"noopener\"><img decoding=\"async\" class=\"alignleft wp-image-3343 size-medium\" src=\"https:\/\/tsv-dobel.de\/wp\/wp-content\/uploads\/2024\/03\/IMG_4763-225x300.jpeg\" alt=\"Hauptversammlung TSV Dobel\" width=\"225\" height=\"300\" srcset=\"https:\/\/tsv-dobel.de\/wp\/wp-content\/uploads\/2024\/03\/IMG_4763-225x300.jpeg 225w, https:\/\/tsv-dobel.de\/wp\/wp-content\/uploads\/2024\/03\/IMG_4763-768x1024.jpeg 768w, https:\/\/tsv-dobel.de\/wp\/wp-content\/uploads\/2024\/03\/IMG_4763-1152x1536.jpeg 1152w, https:\/\/tsv-dobel.de\/wp\/wp-content\/uploads\/2024\/03\/IMG_4763.jpeg 1440w\" sizes=\"(max-width: 225px) 100vw, 225px\" \/><\/a>Dobel<br \/>\n08.03.2024<\/p>\n<p style=\"font-weight: 400;\">728 Mitglieder, 16 Ehrungen f\u00fcr Mitgliedschaften ab f\u00fcnf Jahren aufw\u00e4rts, gutes Jahresergebnis 2023, wie Kassenwartin Susanne Harig-Wagner vermeldete \u2013 der TSV Dobel ist so gesund wie sein Angebot.<\/p>\n<p style=\"font-weight: 400;\">Eine der vielen S\u00e4ulen des Turn- und Sportvereins in Dobel ist Outdoor-Bewegung. Das ist auch kein Wunder, denn die Gemeinde Dobel liegt auf einem sonnigen Hochplateau im Turngau Nordschwarzwald und ist einer von deutschlandweit 50 heilklimatischen Kurorten. Im weitesten Sinne steht Turnen und Gesundheitssport, bei den knapp 700 Mitgliedern,t\u00e4glich auf dem Vereins-Trainingsprogramm. Schon f\u00fcr ganz Kleine, ab dem 1. Lebensjahr, das Eltern-Kind-Turnen gefolgt vom&nbsp; Vorschul- und Grundschulturnen, Spiel und Spa\u00df, Tanzen und&nbsp; Wettkampfturnen, bis hin zu den vielen Angeboten f\u00fcr Erwachsene, wie \u201eFit und Gesund\u201c oder die \u201eSturzprophylaxe 5 Esslinger\u201c, Aufrecht und mobil, Aqua-Fitness, Fit for Fun, Core &amp; Stability, Thai Chi, Nordic Walking und Fitness-Mix, sowie Gymnastik f\u00fcr M\u00e4nner oder die Kooperation mit den Sportfreunden Dobel das \u201cJedermannturnen\u201c. Des Weiteren gibt es noch vier speziell zertifizierte Gesundheitskurse f\u00fcr die eine extra Ausbildung erforderlich war.<\/p>\n<p>F\u00fcr herausragende Leistungen im Bereich Gesundheitssport und qualifizierte Vermittlung gesundheitsf\u00f6rdernder Bewegungsangebote verlieh der Deutschen Turner-Bund dem TSV-Dobel das Qualit\u00e4tssiegel PLUSPUNKT GESUNDHEIT. Der TSV-Dobel erf\u00fcllt die vom Deutschen Turner-Bund festgelegten Qualit\u00e4tskriterien f\u00fcr pr\u00e4ventive Vereinsangebote.<br \/>\n\u00dcL mit Pluspunkten: Beate Klebsattel, Sabine Seibold, Viola Roser, Lisa Schatz<br \/>\n<strong>Weitere Neuigkeiten im Verein<\/strong><br \/>\nEine 10er &#8211; Karte f\u00fcr Nichtmitglieder kann erworben werden.<br \/>\n50\u20ac pro 10er Karte und das 11. Training ist umsonst.<\/p>\n<p style=\"font-weight: 400;\">Weiterhin wird ein Trainer\/in f\u00fcr das Bubenturnen gesucht. Interessierte k\u00f6nnen sich gerne bei <a href=\"&#x6d;a&#x69;&#108;t&#x6f;&#58;&#x74;&#x68;e&#x72;&#101;s&#x61;&#46;&#x6b;&#105;e&#x73;&#101;l&#x40;&#116;&#x73;&#118;-&#x64;&#111;&#x62;&#x65;l&#x2e;&#100;e\">&#116;&#x68;&#101;&#x72;&#101;&#x73;&#97;&#x2e;&#107;&#x69;&#101;&#x73;&#101;&#x6c;&#64;&#x74;&#115;&#x76;&#45;&#x64;&#111;&#x62;&#101;&#x6c;&#46;&#x64;&#101;<\/a> melden.<br \/>\nSusanne Harig-Wagner nun \u201estaatlich gepr\u00fcfte DOSB-\u00dcbungsleiterin\u201c. Sie hat die Pr\u00fcfung zum Trainer\/in C Breitensport im Bereich Fitness\/Gesundheit Erwachsene, an der Sportschule in Baden Baden Steinbach am 26.01.2024 mit Erfolg abgelegt.<br \/>\nKurz und knapp, die Ausbildung umfasste insgesamt 120 LE und schlie\u00dft mit einer schriftlichen und praktischen Pr\u00fcfung ab.<br \/>\nDer Verein bleibt weiterhin bei dem Thema Kindeswohl aktiv &#8211; Hier findet einmal im Jahr f\u00fcr alle Beteiligte eine Fortbildung statt.<br \/>\nMitgliedsantrag bald nun auch online m\u00f6glich. Dank Natalie Kull k\u00f6nnen demn\u00e4chst die Mitgliedsantr\u00e4ge ganz einfach online ausgef\u00fcllt und weggeschickt werden.<\/p>\n<p style=\"font-weight: 400;\"><strong><a href=\"https:\/\/tsv-dobel.de\/wp\/wp-content\/uploads\/2024\/03\/IMG_4767.jpeg\" target=\"_blank\" rel=\"noopener\"><img decoding=\"async\" class=\"alignright wp-image-3342 size-medium\" src=\"https:\/\/tsv-dobel.de\/wp\/wp-content\/uploads\/2024\/03\/IMG_4767-225x300.jpeg\" alt=\"Hauptversammlung TSV Dobel\" width=\"225\" height=\"300\" srcset=\"https:\/\/tsv-dobel.de\/wp\/wp-content\/uploads\/2024\/03\/IMG_4767-225x300.jpeg 225w, https:\/\/tsv-dobel.de\/wp\/wp-content\/uploads\/2024\/03\/IMG_4767-768x1024.jpeg 768w, https:\/\/tsv-dobel.de\/wp\/wp-content\/uploads\/2024\/03\/IMG_4767-1152x1536.jpeg 1152w, https:\/\/tsv-dobel.de\/wp\/wp-content\/uploads\/2024\/03\/IMG_4767.jpeg 1440w\" sizes=\"(max-width: 225px) 100vw, 225px\" \/><\/a>Vorschau auf das kommende Jahr<\/strong><\/p>\n<p style=\"font-weight: 400;\">Am Dorffest, welches am 15. &amp; 16.06. stattfindet wird der TSV sich wieder beteiligen und auch einige Gruppen werden sich pr\u00e4sentieren. Zeitgleich zum Dorffest findet eine Wettkampfrichterausbildung in der Turnhalle statt. Diese wird von Nancy Pruditsch organisiert. Auch ist der TSV sehr froh dar\u00fcber f\u00fcnf Teilnehmer aus dem Verein daf\u00fcr anmelden zu k\u00f6nnen. Auch ist wieder ein Tag f\u00fcr die Abnahme des EFB &#8211; European Fitness Badge und das Sportabzeichen geplant. F\u00fcr das Sommerferienprogramm steht der Waldhistorische Erlebnisweg mit sportlichen Aufgaben auf dem Plan. Ein Indoorspielplatz ist in den Herbstferien am 29.10. geplant.<\/p>\n<p style=\"font-weight: 400;\">Eine gr\u00f6\u00dfere \u00c4nderung wird es bei dem wie sonst geplanten Wintertag geben. Dieser wird in diesem Jahr nicht statt finden.<br \/>\nDieser soll nun alle zwei Jahre im Wechsel mit dem Dorffest im Juni in der Turnhalle statt finden. In der Turnhalle k\u00f6nnen sich die Gruppen besser pr\u00e4sentieren, als wie sonst auf der B\u00fchne im Kurhaus.<\/p>\n<p style=\"font-weight: 400;\"><strong>Ehrungen<\/strong><\/p>\n<p style=\"font-weight: 400;\">F\u00fcr f\u00fcnf Jahre Schriftf\u00fchrerin ist Natalie Kull, 15 Jahre Kassier ist Susanne Harig-Wagner, 20 Jahre als \u00dcbungsleiterin Lisa Schatz, 35 Jahre Vorstand Sabine Seibold geehrt worden.<\/p>\n<p style=\"font-weight: 400;\">F\u00fcr 20 Jahre Vereinsmitgliedschaft gab es Urkunden und Geschenke f\u00fcr acht Mitglieder f\u00fcr Alexandra Kloss, Hartmut Kloss, Marion Vischer, Michael Vischer, Heidi Krumnow, Julia Z\u00e4ngl, Claudia Waidner, Werner Waidner, f\u00fcr 40 Jahre an zwei Mitglieder, n\u00e4mlich Agathe Schatz, Ana Reimer und f\u00fcr stolze 50 Jahre im Verein Urkunden und Geschenke f\u00fcr Edith Schreiber.<\/p>\n<p><strong>Wahlen<\/strong><span style=\"font-weight: 400;\"><br \/>\n<\/span><span style=\"font-weight: 400;\">Weiterhin im Amt wurde Theresa Kiesel als 2. Vorsitzende, Susanne Harig-Wagner als Kassier gew\u00e4hlt. Auf das Amt Beisitzer\/in Turnen welches zuletzt Marita Soest f\u00fchrte gab es leider keine Nachbesetzung. F\u00fcr das kommende Jahr bis zur n\u00e4chsten Hauptversammlung wird nun weiterhin f\u00fcr Ersatz gesucht. Bis dahin werden die Aufgaben auf alle Vorstandsmitglieder verteilt. Der TSV bedankte sich bei Marita Soest f\u00fcr Ihr gro\u00dfes Engagement im Verein.<\/span><\/p>\n<p>&nbsp;<\/p>\n","protected":false},"excerpt":{"rendered":"<div class=\"mh-excerpt\"><p>Dobel 08.03.2024 728 Mitglieder, 16 Ehrungen f\u00fcr Mitgliedschaften ab f\u00fcnf Jahren aufw\u00e4rts, gutes Jahresergebnis 2023, wie Kassenwartin Susanne Harig-Wagner vermeldete \u2013 der TSV Dobel ist so gesund wie sein Angebot. Eine der vielen S\u00e4ulen des <a class=\"mh-excerpt-more\" href=\"https:\/\/tsv-dobel.de\/wp\/hauptversammlung-tsv\/\" title=\"Hauptversammlung TSV\">[weiterlesen]<\/a><\/p>\n<\/div>","protected":false},"author":2,"featured_media":3344,"comment_status":"closed","ping_status":"closed","sticky":false,"template":"","format":"standard","meta":{"ngg_post_thumbnail":0,"footnotes":""},"categories":[5],"tags":[],"class_list":{"0":"post-3345","1":"post","2":"type-post","3":"status-publish","4":"format-standard","5":"has-post-thumbnail","7":"category-aktuelle-infos"},"aioseo_notices":[],"_links":{"self":[{"href":"https:\/\/tsv-dobel.de\/wp\/wp-json\/wp\/v2\/posts\/3345","targetHints":{"allow":["GET"]}}],"collection":[{"href":"https:\/\/tsv-dobel.de\/wp\/wp-json\/wp\/v2\/posts"}],"about":[{"href":"https:\/\/tsv-dobel.de\/wp\/wp-json\/wp\/v2\/types\/post"}],"author":[{"embeddable":true,"href":"https:\/\/tsv-dobel.de\/wp\/wp-json\/wp\/v2\/users\/2"}],"replies":[{"embeddable":true,"href":"https:\/\/tsv-dobel.de\/wp\/wp-json\/wp\/v2\/comments?post=3345"}],"version-history":[{"count":3,"href":"https:\/\/tsv-dobel.de\/wp\/wp-json\/wp\/v2\/posts\/3345\/revisions"}],"predecessor-version":[{"id":3348,"href":"https:\/\/tsv-dobel.de\/wp\/wp-json\/wp\/v2\/posts\/3345\/revisions\/3348"}],"wp:featuredmedia":[{"embeddable":true,"href":"https:\/\/tsv-dobel.de\/wp\/wp-json\/wp\/v2\/media\/3344"}],"wp:attachment":[{"href":"https:\/\/tsv-dobel.de\/wp\/wp-json\/wp\/v2\/media?parent=3345"}],"wp:term":[{"taxonomy":"category","embeddable":true,"href":"https:\/\/tsv-dobel.de\/wp\/wp-json\/wp\/v2\/categories?post=3345"},{"taxonomy":"post_tag","embeddable":true,"href":"https:\/\/tsv-dobel.de\/wp\/wp-json\/wp\/v2\/tags?post=3345"}],"curies":[{"name":"wp","href":"https:\/\/api.w.org\/{rel}","templated":true}]}}