{"id":3350,"date":"2024-04-18T08:28:31","date_gmt":"2024-04-18T06:28:31","guid":{"rendered":"https:\/\/tsv-dobel.de\/wp\/?p=3350"},"modified":"2024-04-18T08:29:53","modified_gmt":"2024-04-18T06:29:53","slug":"uebungsleiter-fuer-kids-dance-und-bubenturnen-dringend-gesucht","status":"publish","type":"post","link":"https:\/\/tsv-dobel.de\/wp\/uebungsleiter-fuer-kids-dance-und-bubenturnen-dringend-gesucht\/","title":{"rendered":"\u00dcbungsleiter f\u00fcr Kids Dance und Bubenturnen dringend gesucht!"},"content":{"rendered":"<h2>Stellt euch vor:<br \/>\nEs ist Kinderturnen, aber niemand ist da, um es zu leiten. Es fehlt schlicht an \u00dcbungsleiter*innen.<\/h2>\n<p><a href=\"https:\/\/tsv-dobel.de\/wp\/wp-content\/uploads\/2024\/04\/Kids-Dance-Gruppe1.jpg\"><img decoding=\"async\" class=\"alignleft size-medium wp-image-3352\" src=\"https:\/\/tsv-dobel.de\/wp\/wp-content\/uploads\/2024\/04\/Kids-Dance-Gruppe1-300x133.jpg\" alt=\"\" width=\"300\" height=\"133\" srcset=\"https:\/\/tsv-dobel.de\/wp\/wp-content\/uploads\/2024\/04\/Kids-Dance-Gruppe1-300x133.jpg 300w, https:\/\/tsv-dobel.de\/wp\/wp-content\/uploads\/2024\/04\/Kids-Dance-Gruppe1-1024x452.jpg 1024w, https:\/\/tsv-dobel.de\/wp\/wp-content\/uploads\/2024\/04\/Kids-Dance-Gruppe1-768x339.jpg 768w, https:\/\/tsv-dobel.de\/wp\/wp-content\/uploads\/2024\/04\/Kids-Dance-Gruppe1.jpg 1494w\" sizes=\"(max-width: 300px) 100vw, 300px\" \/><\/a>Aktuell suchen wir eine \u00dcbungsleiterin oder einen \u00dcbungsleiter f\u00fcr unsere <b>Kids <\/b><b>Dance Gruppe,<\/b> die\/der gemeinsam mit den Kids tanzen m\u00f6chte.<br \/>\nAuch f\u00fcr unser Bubenturnen ben\u00f6tigen wir eure Unterst\u00fctzung.<br \/>\nMit Herz, Leidenschaft, Engagement und Enthusiasmus bist du hier richtig!<\/p>\n<p><a href=\"https:\/\/tsv-dobel.de\/wp\/wp-content\/uploads\/2024\/04\/Kids-Dance-Gruppe2.jpg\"><img decoding=\"async\" class=\"alignright size-medium wp-image-3351\" src=\"https:\/\/tsv-dobel.de\/wp\/wp-content\/uploads\/2024\/04\/Kids-Dance-Gruppe2-300x135.jpg\" alt=\"\" width=\"300\" height=\"135\" srcset=\"https:\/\/tsv-dobel.de\/wp\/wp-content\/uploads\/2024\/04\/Kids-Dance-Gruppe2-300x135.jpg 300w, https:\/\/tsv-dobel.de\/wp\/wp-content\/uploads\/2024\/04\/Kids-Dance-Gruppe2-1024x459.jpg 1024w, https:\/\/tsv-dobel.de\/wp\/wp-content\/uploads\/2024\/04\/Kids-Dance-Gruppe2-768x344.jpg 768w, https:\/\/tsv-dobel.de\/wp\/wp-content\/uploads\/2024\/04\/Kids-Dance-Gruppe2.jpg 1436w\" sizes=\"(max-width: 300px) 100vw, 300px\" \/><\/a>Gerne unterst\u00fctzen wir Dich auch bei eventuellen Aus- oder Weiterbildungsma\u00dfnahmen.<\/p>\n<p>Wenn Du Dich angesprochen f\u00fchlst, melde Dich einfach bei uns. Der TSV Dobel und die Kids freuen sich auf Dich!<\/p>\n<p>Dein Interesse geweckt? Melde dich: <a href=\"&#x6d;&#97;i&#x6c;&#x74;&#111;:&#x73;&#x61;&#98;i&#x6e;&#101;&#46;&#x73;&#x65;&#105;b&#x6f;&#x6c;&#100;&#64;&#x74;&#115;&#118;&#x2d;&#x64;&#111;b&#x65;&#x6c;&#46;d&#x65;\">&#115;&#x61;&#x62;i&#110;&#x65;&#x2e;s&#101;&#x69;b&#111;&#x6c;&#x64;&#64;&#116;&#x73;v&#45;&#x64;&#x6f;b&#101;&#x6c;&#x2e;&#100;&#x65;<\/a><\/p>\n<p>&nbsp;<\/p>\n","protected":false},"excerpt":{"rendered":"<div class=\"mh-excerpt\"><p>Stellt euch vor: Es ist Kinderturnen, aber niemand ist da, um es zu leiten. Es fehlt schlicht an \u00dcbungsleiter*innen. Aktuell suchen wir eine \u00dcbungsleiterin oder einen \u00dcbungsleiter f\u00fcr unsere Kids Dance Gruppe, die\/der gemeinsam mit <a class=\"mh-excerpt-more\" href=\"https:\/\/tsv-dobel.de\/wp\/uebungsleiter-fuer-kids-dance-und-bubenturnen-dringend-gesucht\/\" title=\"\u00dcbungsleiter f\u00fcr Kids Dance und Bubenturnen dringend gesucht!\">[weiterlesen]<\/a><\/p>\n<\/div>","protected":false},"author":2,"featured_media":3352,"comment_status":"closed","ping_status":"closed","sticky":false,"template":"","format":"standard","meta":{"ngg_post_thumbnail":0,"footnotes":""},"categories":[5],"tags":[],"class_list":{"0":"post-3350","1":"post","2":"type-post","3":"status-publish","4":"format-standard","5":"has-post-thumbnail","7":"category-aktuelle-infos"},"aioseo_notices":[],"_links":{"self":[{"href":"https:\/\/tsv-dobel.de\/wp\/wp-json\/wp\/v2\/posts\/3350","targetHints":{"allow":["GET"]}}],"collection":[{"href":"https:\/\/tsv-dobel.de\/wp\/wp-json\/wp\/v2\/posts"}],"about":[{"href":"https:\/\/tsv-dobel.de\/wp\/wp-json\/wp\/v2\/types\/post"}],"author":[{"embeddable":true,"href":"https:\/\/tsv-dobel.de\/wp\/wp-json\/wp\/v2\/users\/2"}],"replies":[{"embeddable":true,"href":"https:\/\/tsv-dobel.de\/wp\/wp-json\/wp\/v2\/comments?post=3350"}],"version-history":[{"count":4,"href":"https:\/\/tsv-dobel.de\/wp\/wp-json\/wp\/v2\/posts\/3350\/revisions"}],"predecessor-version":[{"id":3356,"href":"https:\/\/tsv-dobel.de\/wp\/wp-json\/wp\/v2\/posts\/3350\/revisions\/3356"}],"wp:featuredmedia":[{"embeddable":true,"href":"https:\/\/tsv-dobel.de\/wp\/wp-json\/wp\/v2\/media\/3352"}],"wp:attachment":[{"href":"https:\/\/tsv-dobel.de\/wp\/wp-json\/wp\/v2\/media?parent=3350"}],"wp:term":[{"taxonomy":"category","embeddable":true,"href":"https:\/\/tsv-dobel.de\/wp\/wp-json\/wp\/v2\/categories?post=3350"},{"taxonomy":"post_tag","embeddable":true,"href":"https:\/\/tsv-dobel.de\/wp\/wp-json\/wp\/v2\/tags?post=3350"}],"curies":[{"name":"wp","href":"https:\/\/api.w.org\/{rel}","templated":true}]}}